[{"command":"settings","settings":{"pluralDelimiter":"\u0003","suppressDeprecationErrors":true,"ajaxPageState":{"libraries":"eJxLqcxLzM1Mjk_NK8ksqYzPySwu0S_OyC-Pz80vSgUAtBcL_w","theme":"arocom","theme_token":null},"ajaxTrustedUrl":[],"user":{"uid":0,"permissionsHash":"7d290317426469593d793d484c84bd173b751469eab46bf62d8bc64a6014ac1b"}},"merge":true},{"command":"add_css","data":[{"rel":"stylesheet","media":"all","href":"\/sites\/default\/files\/css\/css_S0gxUODDy8M2kwSESk006aCTmUFTKFOJhinHUtH-z08.css?delta=0\u0026language=de\u0026theme=arocom\u0026include=eJxLzi9K1U8pKi1IzNFLzEqsAAA0wAYz"}]},{"command":"add_js","selector":"body","data":[{"src":"\/core\/assets\/vendor\/jquery\/jquery.min.js?v=4.0.0"},{"src":"\/sites\/default\/files\/js\/js_l7iQiO0J1Yzfbra37oarYE09KSivd74rrPSiYTAwi8w.js?scope=footer\u0026delta=1\u0026language=de\u0026theme=arocom\u0026include=eJxLqcxLzM1Mjk_NK8ksqYzPySwu0S_OyC-Pz80vSgUAtBcL_w"}]},{"command":"showMoreTeasers","id":"del--block-content-4701","content":"\n\u003Cdiv class=\u0022col-span-6 d-flex justify-content-end flex-column teaser global-animation animate__fadeInUp node-article node--view-mode-teaser\u0022\u003E\n  \u003Carticle class=\u0022is-linked teaser-default\u0022\u003E\n    \n    \n    \u003Ca href=\u0022\/de\/news\/architektur-laborplanung-und-interior-design-aus-einer-hand-ausbau-des-startup-inkubators-im\u0022 class=\u0022teaser-link media grid grid-cols-1\u0022 aria-label=\u0022Architektur, Laborplanung und Interior Design aus einer Hand: Ausbau des Startup-Inkubators im iQ Space Berlin\u0022\u003E\n\n              \n            \u003Cdiv class=\u0022blazy blazy--nojs blazy--field blazy--field-teaser-media blazy--field-teaser-media--teaser\u0022 data-blazy=\u0022\u0022\u003E\n\n\n\n                    \u003Cdiv data-b-token=\u0022b-df679126592\u0022 class=\u0022media media--blazy\u0022\u003E\n      \n      \n      \n        \u003Cpicture\u003E\n                  \u003Csource srcset=\u0022\/sites\/default\/files\/styles\/lg_3_2\/public\/images\/2025-09\/henn_iqspace_08_incubator.jpg?itok=M9TEEqIA 2x\u0022 media=\u0022(min-width: 1600px)\u0022 type=\u0022image\/jpeg\u0022\/\u003E\n              \u003Csource srcset=\u0022\/sites\/default\/files\/styles\/lg_3_2\/public\/images\/2025-09\/henn_iqspace_08_incubator.jpg?itok=M9TEEqIA 1x, \/sites\/default\/files\/styles\/lg_3_2\/public\/images\/2025-09\/henn_iqspace_08_incubator.jpg?itok=M9TEEqIA 2x\u0022 media=\u0022(min-width: 1440px)\u0022 type=\u0022image\/jpeg\u0022\/\u003E\n              \u003Csource srcset=\u0022\/sites\/default\/files\/styles\/md_\/public\/images\/2025-09\/henn_iqspace_08_incubator.jpg?itok=jOzWMroZ 1x\u0022 media=\u0022(min-width: 1024px) and (max-width: 1439px)\u0022 type=\u0022image\/jpeg\u0022\/\u003E\n              \u003Csource srcset=\u0022\/sites\/default\/files\/styles\/md_\/public\/images\/2025-09\/henn_iqspace_08_incubator.jpg?itok=jOzWMroZ 1x\u0022 media=\u0022(min-width: 768px) and (max-width: 1023px)\u0022 type=\u0022image\/jpeg\u0022\/\u003E\n              \u003Csource srcset=\u0022\/sites\/default\/files\/styles\/md_\/public\/images\/2025-09\/henn_iqspace_08_incubator.jpg?itok=jOzWMroZ 1x\u0022 media=\u0022(min-width: 576px) and (max-width: 767px)\u0022 type=\u0022image\/jpeg\u0022\/\u003E\n              \u003Csource srcset=\u0022\/sites\/default\/files\/styles\/sm_3_2\/public\/images\/2025-09\/henn_iqspace_08_incubator.jpg?itok=W6ljQgwU 1x\u0022 media=\u0022(max-width: 575px)\u0022 type=\u0022image\/jpeg\u0022\/\u003E\n                  \u003Cimg decoding=\u0022async\u0022 class=\u0022media__element img-fluid\u0022 data-zoomed=\u0022https:\/\/www.henn.com\/sites\/default\/files\/styles\/content__zoomed\/public\/images\/2025-09\/henn_iqspace_08_incubator.jpg?itok=D3W5zOtx\u0022 src=\u0022\/sites\/default\/files\/styles\/md_\/public\/images\/2025-09\/henn_iqspace_08_incubator.jpg?itok=jOzWMroZ\u0022 alt=\u0022\u0022 \/\u003E\n\n  \u003C\/picture\u003E\n\n      \n                  \n      \n\n            \n      \n    \u003C\/div\u003E\n        \n  \n  \n\n\n\u003C\/div\u003E\n      \n      \n      \u003Cdiv class=\u0022news-text p-responsive-2 mt-responsive-1\u0022\u003E\n        \u003Cdiv class=\u0022d-flex flex-wrap justify-content-start m-0 headline-info\u0022\u003E\n          \u003Cdiv class=\u0022news-date mr-responsive-xs h--label\u0022\u003E\n            \u003Cdiv class=\u0022post-date col-span-12\u0022\u003E\n            24.03.2026\n    \u003C\/div\u003E\n\n                                        \u003Cspan\u003E,\u003C\/span\u003E\n                                      \u003C\/div\u003E\n          \u003Cdiv class=\u0022news-kicker h--label\u0022\u003E\n            \u003Cp  class=\u0022sub-headline\u0022\u003ENEWS\u003C\/p\u003E\n\n          \u003C\/div\u003E\n        \u003C\/div\u003E\n        \u003Cdiv class=\u0022news-content h--heading-m\u0022\u003E\n          \n\u003Cspan\u003EArchitektur, Laborplanung und Interior Design aus einer Hand: Ausbau des Startup-Inkubators im iQ Space Berlin\u003C\/span\u003E\n\n        \u003C\/div\u003E\n        \u003Cdiv class=\u0022news-teaser-icon text-end\u0022\u003E\n          \u003Cimg src=\u0022\/themes\/custom\/arocom\/icons\/teaser-arrow-right.svg\u0022 alt=\u0022Teaser arrow\u0022\/\u003E\n        \u003C\/div\u003E\n      \u003C\/div\u003E\n\n    \u003C\/a\u003E\n  \u003C\/article\u003E\n\u003C\/div\u003E\n\n\u003Cdiv class=\u0022col-span-6 d-flex justify-content-end flex-column teaser global-animation animate__fadeInUp node-article node--view-mode-teaser\u0022\u003E\n  \u003Carticle class=\u0022is-linked teaser-default\u0022\u003E\n    \n    \n    \u003Ca href=\u0022\/de\/news\/museum-science-center-ort-der-begegnung-grundstein-fuer-forum-deutsche-sprache-gelegt\u0022 class=\u0022teaser-link media grid grid-cols-1\u0022 aria-label=\u0022Museum, Science Center \u0026amp; Ort der Begegnung: Grundstein f\u00fcr Forum Deutsche Sprache gelegt\u0022\u003E\n\n              \n            \u003Cdiv class=\u0022blazy blazy--nojs blazy--field blazy--field-teaser-media blazy--field-teaser-media--teaser\u0022 data-blazy=\u0022\u0022\u003E\n\n\n\n                    \u003Cdiv data-b-token=\u0022b-dfad9954d7c\u0022 class=\u0022media media--blazy\u0022\u003E\n      \n      \n      \n        \u003Cpicture\u003E\n                  \u003Csource srcset=\u0022\/sites\/default\/files\/styles\/lg_3_2\/public\/images\/2025-09\/forum-deutsche-sprache_t02_p05_exterior_vraycam001_big_0.jpg?itok=d-OPkfNB 2x\u0022 media=\u0022(min-width: 1600px)\u0022 type=\u0022image\/jpeg\u0022\/\u003E\n              \u003Csource srcset=\u0022\/sites\/default\/files\/styles\/lg_3_2\/public\/images\/2025-09\/forum-deutsche-sprache_t02_p05_exterior_vraycam001_big_0.jpg?itok=d-OPkfNB 1x, \/sites\/default\/files\/styles\/lg_3_2\/public\/images\/2025-09\/forum-deutsche-sprache_t02_p05_exterior_vraycam001_big_0.jpg?itok=d-OPkfNB 2x\u0022 media=\u0022(min-width: 1440px)\u0022 type=\u0022image\/jpeg\u0022\/\u003E\n              \u003Csource srcset=\u0022\/sites\/default\/files\/styles\/md_\/public\/images\/2025-09\/forum-deutsche-sprache_t02_p05_exterior_vraycam001_big_0.jpg?itok=TYHsjbwO 1x\u0022 media=\u0022(min-width: 1024px) and (max-width: 1439px)\u0022 type=\u0022image\/jpeg\u0022\/\u003E\n              \u003Csource srcset=\u0022\/sites\/default\/files\/styles\/md_\/public\/images\/2025-09\/forum-deutsche-sprache_t02_p05_exterior_vraycam001_big_0.jpg?itok=TYHsjbwO 1x\u0022 media=\u0022(min-width: 768px) and (max-width: 1023px)\u0022 type=\u0022image\/jpeg\u0022\/\u003E\n              \u003Csource srcset=\u0022\/sites\/default\/files\/styles\/md_\/public\/images\/2025-09\/forum-deutsche-sprache_t02_p05_exterior_vraycam001_big_0.jpg?itok=TYHsjbwO 1x\u0022 media=\u0022(min-width: 576px) and (max-width: 767px)\u0022 type=\u0022image\/jpeg\u0022\/\u003E\n              \u003Csource srcset=\u0022\/sites\/default\/files\/styles\/sm_3_2\/public\/images\/2025-09\/forum-deutsche-sprache_t02_p05_exterior_vraycam001_big_0.jpg?itok=Xa_eCquw 1x\u0022 media=\u0022(max-width: 575px)\u0022 type=\u0022image\/jpeg\u0022\/\u003E\n                  \u003Cimg decoding=\u0022async\u0022 class=\u0022media__element img-fluid\u0022 data-zoomed=\u0022https:\/\/www.henn.com\/sites\/default\/files\/styles\/content__zoomed\/public\/images\/2025-09\/forum-deutsche-sprache_t02_p05_exterior_vraycam001_big_0.jpg?itok=n7aAEQSX\u0022 src=\u0022\/sites\/default\/files\/styles\/md_\/public\/images\/2025-09\/forum-deutsche-sprache_t02_p05_exterior_vraycam001_big_0.jpg?itok=TYHsjbwO\u0022 alt=\u0022\u0022 \/\u003E\n\n  \u003C\/picture\u003E\n\n      \n                  \n      \n\n            \n      \n    \u003C\/div\u003E\n        \n  \n  \n\n\n\u003C\/div\u003E\n      \n      \n      \u003Cdiv class=\u0022news-text p-responsive-2 mt-responsive-1\u0022\u003E\n        \u003Cdiv class=\u0022d-flex flex-wrap justify-content-start m-0 headline-info\u0022\u003E\n          \u003Cdiv class=\u0022news-date mr-responsive-xs h--label\u0022\u003E\n            \u003Cdiv class=\u0022post-date col-span-12\u0022\u003E\n            19.03.2026\n    \u003C\/div\u003E\n\n                                        \u003Cspan\u003E,\u003C\/span\u003E\n                                      \u003C\/div\u003E\n          \u003Cdiv class=\u0022news-kicker h--label\u0022\u003E\n            \u003Cp  class=\u0022sub-headline\u0022\u003ENEWS\u003C\/p\u003E\n\n          \u003C\/div\u003E\n        \u003C\/div\u003E\n        \u003Cdiv class=\u0022news-content h--heading-m\u0022\u003E\n          \n\u003Cspan\u003EMuseum, Science Center \u0026amp; Ort der Begegnung: Grundstein f\u00fcr Forum Deutsche Sprache gelegt\u003C\/span\u003E\n\n        \u003C\/div\u003E\n        \u003Cdiv class=\u0022news-teaser-icon text-end\u0022\u003E\n          \u003Cimg src=\u0022\/themes\/custom\/arocom\/icons\/teaser-arrow-right.svg\u0022 alt=\u0022Teaser arrow\u0022\/\u003E\n        \u003C\/div\u003E\n      \u003C\/div\u003E\n\n    \u003C\/a\u003E\n  \u003C\/article\u003E\n\u003C\/div\u003E\n\n\u003Cdiv class=\u0022col-span-6 d-flex justify-content-end flex-column teaser global-animation animate__fadeInUp node-article node--view-mode-teaser\u0022\u003E\n  \u003Carticle class=\u0022is-linked teaser-highlight\u0022\u003E\n    \n    \n    \u003Ca href=\u0022\/de\/news\/bestsecret-gewinnt-den-if-design-award-2026\u0022 class=\u0022teaser-link media grid grid-cols-1\u0022 aria-label=\u0022BESTSECRET gewinnt den iF Design Award 2026\u0022\u003E\n\n              \n            \u003Cdiv class=\u0022blazy blazy--nojs blazy--field blazy--field-teaser-media blazy--field-teaser-media--teaser\u0022 data-blazy=\u0022\u0022\u003E\n\n\n\n                    \u003Cdiv data-b-token=\u0022b-aba2098a8e8\u0022 class=\u0022media media--blazy\u0022\u003E\n      \n      \n      \n        \u003Cpicture\u003E\n                  \u003Csource srcset=\u0022\/sites\/default\/files\/styles\/lg_3_2\/public\/images\/2026-03\/henn_bestsecret_02_eventspace_cmarkseelen.jpg?itok=Hwa6Gspq 2x\u0022 media=\u0022(min-width: 1600px)\u0022 type=\u0022image\/jpeg\u0022\/\u003E\n              \u003Csource srcset=\u0022\/sites\/default\/files\/styles\/lg_3_2\/public\/images\/2026-03\/henn_bestsecret_02_eventspace_cmarkseelen.jpg?itok=Hwa6Gspq 1x, \/sites\/default\/files\/styles\/lg_3_2\/public\/images\/2026-03\/henn_bestsecret_02_eventspace_cmarkseelen.jpg?itok=Hwa6Gspq 2x\u0022 media=\u0022(min-width: 1440px)\u0022 type=\u0022image\/jpeg\u0022\/\u003E\n              \u003Csource srcset=\u0022\/sites\/default\/files\/styles\/md_\/public\/images\/2026-03\/henn_bestsecret_02_eventspace_cmarkseelen.jpg?itok=sPWNPFig 1x\u0022 media=\u0022(min-width: 1024px) and (max-width: 1439px)\u0022 type=\u0022image\/jpeg\u0022\/\u003E\n              \u003Csource srcset=\u0022\/sites\/default\/files\/styles\/md_\/public\/images\/2026-03\/henn_bestsecret_02_eventspace_cmarkseelen.jpg?itok=sPWNPFig 1x\u0022 media=\u0022(min-width: 768px) and (max-width: 1023px)\u0022 type=\u0022image\/jpeg\u0022\/\u003E\n              \u003Csource srcset=\u0022\/sites\/default\/files\/styles\/md_\/public\/images\/2026-03\/henn_bestsecret_02_eventspace_cmarkseelen.jpg?itok=sPWNPFig 1x\u0022 media=\u0022(min-width: 576px) and (max-width: 767px)\u0022 type=\u0022image\/jpeg\u0022\/\u003E\n              \u003Csource srcset=\u0022\/sites\/default\/files\/styles\/sm_3_2\/public\/images\/2026-03\/henn_bestsecret_02_eventspace_cmarkseelen.jpg?itok=QIoTzimC 1x\u0022 media=\u0022(max-width: 575px)\u0022 type=\u0022image\/jpeg\u0022\/\u003E\n                  \u003Cimg decoding=\u0022async\u0022 class=\u0022media__element img-fluid\u0022 data-zoomed=\u0022https:\/\/www.henn.com\/sites\/default\/files\/styles\/content__zoomed\/public\/images\/2026-03\/henn_bestsecret_02_eventspace_cmarkseelen.jpg?itok=ewYesoLf\u0022 src=\u0022\/sites\/default\/files\/styles\/md_\/public\/images\/2026-03\/henn_bestsecret_02_eventspace_cmarkseelen.jpg?itok=sPWNPFig\u0022 alt=\u0022\u0022 \/\u003E\n\n  \u003C\/picture\u003E\n\n      \n                  \n      \n\n            \n      \n    \u003C\/div\u003E\n        \n  \n  \n\n\n\u003C\/div\u003E\n      \n      \n      \u003Cdiv class=\u0022news-text p-responsive-2 mt-responsive-1\u0022\u003E\n        \u003Cdiv class=\u0022d-flex flex-wrap justify-content-start m-0 headline-info\u0022\u003E\n          \u003Cdiv class=\u0022news-date mr-responsive-xs h--label\u0022\u003E\n            \u003Cdiv class=\u0022post-date col-span-12\u0022\u003E\n            11.03.2026\n    \u003C\/div\u003E\n\n                                        \u003Cspan\u003E,\u003C\/span\u003E\n                                      \u003C\/div\u003E\n          \u003Cdiv class=\u0022news-kicker h--label\u0022\u003E\n            \u003Cp  class=\u0022sub-headline\u0022\u003ENEWS\u003C\/p\u003E\n\n          \u003C\/div\u003E\n        \u003C\/div\u003E\n        \u003Cdiv class=\u0022news-content h--heading-m\u0022\u003E\n          \n\u003Cspan\u003EBESTSECRET gewinnt den iF Design Award 2026\u003C\/span\u003E\n\n        \u003C\/div\u003E\n        \u003Cdiv class=\u0022news-teaser-icon text-end\u0022\u003E\n          \u003Cimg src=\u0022\/themes\/custom\/arocom\/icons\/teaser-arrow-right.svg\u0022 alt=\u0022Teaser arrow\u0022\/\u003E\n        \u003C\/div\u003E\n      \u003C\/div\u003E\n\n    \u003C\/a\u003E\n  \u003C\/article\u003E\n\u003C\/div\u003E\n\n\u003Cdiv class=\u0022col-span-6 d-flex justify-content-end flex-column teaser global-animation animate__fadeInUp node-article node--view-mode-teaser\u0022\u003E\n  \u003Carticle class=\u0022is-linked teaser-default\u0022\u003E\n    \n    \n    \u003Ca href=\u0022\/de\/news\/architektur-fuer-kollaborative-forschung-richtfest-fuer-das-hi-tron\u0022 class=\u0022teaser-link media grid grid-cols-1\u0022 aria-label=\u0022Architektur f\u00fcr kollaborative Forschung: Richtfest f\u00fcr das HI\u2011TRON\u0022\u003E\n\n              \n            \u003Cdiv class=\u0022blazy blazy--nojs blazy--field blazy--field-teaser-media blazy--field-teaser-media--teaser\u0022 data-blazy=\u0022\u0022\u003E\n\n\n\n                    \u003Cdiv data-b-token=\u0022b-468eea9d104\u0022 class=\u0022media media--blazy\u0022\u003E\n      \n      \n      \n        \u003Cpicture\u003E\n                  \u003Csource srcset=\u0022\/sites\/default\/files\/styles\/lg_3_2\/public\/images\/2026-02\/1570_n3_presse.jpg?itok=Os_5ZuuC 2x\u0022 media=\u0022(min-width: 1600px)\u0022 type=\u0022image\/jpeg\u0022\/\u003E\n              \u003Csource srcset=\u0022\/sites\/default\/files\/styles\/lg_3_2\/public\/images\/2026-02\/1570_n3_presse.jpg?itok=Os_5ZuuC 1x, \/sites\/default\/files\/styles\/lg_3_2\/public\/images\/2026-02\/1570_n3_presse.jpg?itok=Os_5ZuuC 2x\u0022 media=\u0022(min-width: 1440px)\u0022 type=\u0022image\/jpeg\u0022\/\u003E\n              \u003Csource srcset=\u0022\/sites\/default\/files\/styles\/md_\/public\/images\/2026-02\/1570_n3_presse.jpg?itok=R6Qw1TYk 1x\u0022 media=\u0022(min-width: 1024px) and (max-width: 1439px)\u0022 type=\u0022image\/jpeg\u0022\/\u003E\n              \u003Csource srcset=\u0022\/sites\/default\/files\/styles\/md_\/public\/images\/2026-02\/1570_n3_presse.jpg?itok=R6Qw1TYk 1x\u0022 media=\u0022(min-width: 768px) and (max-width: 1023px)\u0022 type=\u0022image\/jpeg\u0022\/\u003E\n              \u003Csource srcset=\u0022\/sites\/default\/files\/styles\/md_\/public\/images\/2026-02\/1570_n3_presse.jpg?itok=R6Qw1TYk 1x\u0022 media=\u0022(min-width: 576px) and (max-width: 767px)\u0022 type=\u0022image\/jpeg\u0022\/\u003E\n              \u003Csource srcset=\u0022\/sites\/default\/files\/styles\/sm_3_2\/public\/images\/2026-02\/1570_n3_presse.jpg?itok=M6neY93o 1x\u0022 media=\u0022(max-width: 575px)\u0022 type=\u0022image\/jpeg\u0022\/\u003E\n                  \u003Cimg decoding=\u0022async\u0022 class=\u0022media__element img-fluid\u0022 data-zoomed=\u0022https:\/\/www.henn.com\/sites\/default\/files\/styles\/content__zoomed\/public\/images\/2026-02\/1570_n3_presse.jpg?itok=SZZwui_K\u0022 src=\u0022\/sites\/default\/files\/styles\/md_\/public\/images\/2026-02\/1570_n3_presse.jpg?itok=R6Qw1TYk\u0022 alt=\u0022\u0022 \/\u003E\n\n  \u003C\/picture\u003E\n\n      \n                  \n      \n\n            \n      \n    \u003C\/div\u003E\n        \n  \n  \n\n\n\u003C\/div\u003E\n      \n      \n      \u003Cdiv class=\u0022news-text p-responsive-2 mt-responsive-1\u0022\u003E\n        \u003Cdiv class=\u0022d-flex flex-wrap justify-content-start m-0 headline-info\u0022\u003E\n          \u003Cdiv class=\u0022news-date mr-responsive-xs h--label\u0022\u003E\n            \u003Cdiv class=\u0022post-date col-span-12\u0022\u003E\n            04.03.2026\n    \u003C\/div\u003E\n\n                                        \u003Cspan\u003E,\u003C\/span\u003E\n                                      \u003C\/div\u003E\n          \u003Cdiv class=\u0022news-kicker h--label\u0022\u003E\n            \u003Cp  class=\u0022sub-headline\u0022\u003ENEWS\u003C\/p\u003E\n\n          \u003C\/div\u003E\n        \u003C\/div\u003E\n        \u003Cdiv class=\u0022news-content h--heading-m\u0022\u003E\n          \n\u003Cspan\u003EArchitektur f\u00fcr kollaborative Forschung: Richtfest f\u00fcr das HI\u2011TRON\u003C\/span\u003E\n\n        \u003C\/div\u003E\n        \u003Cdiv class=\u0022news-teaser-icon text-end\u0022\u003E\n          \u003Cimg src=\u0022\/themes\/custom\/arocom\/icons\/teaser-arrow-right.svg\u0022 alt=\u0022Teaser arrow\u0022\/\u003E\n        \u003C\/div\u003E\n      \u003C\/div\u003E\n\n    \u003C\/a\u003E\n  \u003C\/article\u003E\n\u003C\/div\u003E\n\n\u003Cdiv class=\u0022col-span-6 d-flex justify-content-end flex-column teaser global-animation animate__fadeInUp node-article node--view-mode-teaser\u0022\u003E\n  \u003Carticle class=\u0022is-linked teaser-highlight\u0022\u003E\n    \n    \n    \u003Ca href=\u0022\/de\/news\/wettbewerbsgewinn-der-bendlerblock-als-durchlaessiger-gruener-campus\u0022 class=\u0022teaser-link media grid grid-cols-1\u0022 aria-label=\u0022Wettbewerbsgewinn: Der Bendlerblock als durchl\u00e4ssiger, gr\u00fcner Campus\u0022\u003E\n\n              \n            \u003Cdiv class=\u0022blazy blazy--nojs blazy--field blazy--field-teaser-media blazy--field-teaser-media--teaser\u0022 data-blazy=\u0022\u0022\u003E\n\n\n\n                    \u003Cdiv data-b-token=\u0022b-f02ed23a281\u0022 class=\u0022media media--blazy\u0022\u003E\n      \n      \n      \n        \u003Cpicture\u003E\n                  \u003Csource srcset=\u0022\/sites\/default\/files\/styles\/lg_3_2\/public\/images\/2026-01\/henn_bendlerblock_01_external-we_0.jpg?itok=8NF3n9fJ 2x\u0022 media=\u0022(min-width: 1600px)\u0022 type=\u0022image\/jpeg\u0022\/\u003E\n              \u003Csource srcset=\u0022\/sites\/default\/files\/styles\/lg_3_2\/public\/images\/2026-01\/henn_bendlerblock_01_external-we_0.jpg?itok=8NF3n9fJ 1x, \/sites\/default\/files\/styles\/lg_3_2\/public\/images\/2026-01\/henn_bendlerblock_01_external-we_0.jpg?itok=8NF3n9fJ 2x\u0022 media=\u0022(min-width: 1440px)\u0022 type=\u0022image\/jpeg\u0022\/\u003E\n              \u003Csource srcset=\u0022\/sites\/default\/files\/styles\/md_\/public\/images\/2026-01\/henn_bendlerblock_01_external-we_0.jpg?itok=2xi8ciPs 1x\u0022 media=\u0022(min-width: 1024px) and (max-width: 1439px)\u0022 type=\u0022image\/jpeg\u0022\/\u003E\n              \u003Csource srcset=\u0022\/sites\/default\/files\/styles\/md_\/public\/images\/2026-01\/henn_bendlerblock_01_external-we_0.jpg?itok=2xi8ciPs 1x\u0022 media=\u0022(min-width: 768px) and (max-width: 1023px)\u0022 type=\u0022image\/jpeg\u0022\/\u003E\n              \u003Csource srcset=\u0022\/sites\/default\/files\/styles\/md_\/public\/images\/2026-01\/henn_bendlerblock_01_external-we_0.jpg?itok=2xi8ciPs 1x\u0022 media=\u0022(min-width: 576px) and (max-width: 767px)\u0022 type=\u0022image\/jpeg\u0022\/\u003E\n              \u003Csource srcset=\u0022\/sites\/default\/files\/styles\/sm_3_2\/public\/images\/2026-01\/henn_bendlerblock_01_external-we_0.jpg?itok=E8WYksMj 1x\u0022 media=\u0022(max-width: 575px)\u0022 type=\u0022image\/jpeg\u0022\/\u003E\n                  \u003Cimg decoding=\u0022async\u0022 class=\u0022media__element img-fluid\u0022 data-zoomed=\u0022https:\/\/www.henn.com\/sites\/default\/files\/styles\/content__zoomed\/public\/images\/2026-01\/henn_bendlerblock_01_external-we_0.jpg?itok=N0BvGj57\u0022 src=\u0022\/sites\/default\/files\/styles\/md_\/public\/images\/2026-01\/henn_bendlerblock_01_external-we_0.jpg?itok=2xi8ciPs\u0022 alt=\u0022\u0022 \/\u003E\n\n  \u003C\/picture\u003E\n\n      \n                  \n      \n\n            \n      \n    \u003C\/div\u003E\n        \n  \n  \n\n\n\u003C\/div\u003E\n      \n      \n      \u003Cdiv class=\u0022news-text p-responsive-2 mt-responsive-1\u0022\u003E\n        \u003Cdiv class=\u0022d-flex flex-wrap justify-content-start m-0 headline-info\u0022\u003E\n          \u003Cdiv class=\u0022news-date mr-responsive-xs h--label\u0022\u003E\n            \u003Cdiv class=\u0022post-date col-span-12\u0022\u003E\n            22.01.2026\n    \u003C\/div\u003E\n\n                                        \u003Cspan\u003E,\u003C\/span\u003E\n                                      \u003C\/div\u003E\n          \u003Cdiv class=\u0022news-kicker h--label\u0022\u003E\n            \u003Cp  class=\u0022sub-headline\u0022\u003ENEWS\u003C\/p\u003E\n\n          \u003C\/div\u003E\n        \u003C\/div\u003E\n        \u003Cdiv class=\u0022news-content h--heading-m\u0022\u003E\n          \n\u003Cspan\u003EWettbewerbsgewinn: Der Bendlerblock als durchl\u00e4ssiger, gr\u00fcner Campus\u003C\/span\u003E\n\n        \u003C\/div\u003E\n        \u003Cdiv class=\u0022news-teaser-icon text-end\u0022\u003E\n          \u003Cimg src=\u0022\/themes\/custom\/arocom\/icons\/teaser-arrow-right.svg\u0022 alt=\u0022Teaser arrow\u0022\/\u003E\n        \u003C\/div\u003E\n      \u003C\/div\u003E\n\n    \u003C\/a\u003E\n  \u003C\/article\u003E\n\u003C\/div\u003E\n\n\u003Cdiv class=\u0022col-span-6 d-flex justify-content-end flex-column teaser global-animation animate__fadeInUp node-article node--view-mode-teaser\u0022\u003E\n  \u003Carticle class=\u0022is-linked teaser-default\u0022\u003E\n    \n    \n    \u003Ca href=\u0022\/de\/news\/bevor-das-naechste-kapitel-beginnt-fotoausstellung-von-hgesch-zeigt-neue-perspektiven-auf-den\u0022 class=\u0022teaser-link media grid grid-cols-1\u0022 aria-label=\u0022Bevor das n\u00e4chste Kapitel beginnt: Fotoausstellung von HGEsch zeigt neue Perspektiven auf den Gasteig\u0022\u003E\n\n              \n            \u003Cdiv class=\u0022blazy blazy--nojs blazy--field blazy--field-teaser-media blazy--field-teaser-media--teaser\u0022 data-blazy=\u0022\u0022\u003E\n\n\n\n                    \u003Cdiv data-b-token=\u0022b-315c3c10a91\u0022 class=\u0022media media--blazy\u0022\u003E\n      \n      \n      \n        \u003Cpicture\u003E\n                  \u003Csource srcset=\u0022\/sites\/default\/files\/styles\/lg_3_2\/public\/images\/2026-01\/ep04020-0005.jpg?itok=XtQYMd9s 2x\u0022 media=\u0022(min-width: 1600px)\u0022 type=\u0022image\/jpeg\u0022\/\u003E\n              \u003Csource srcset=\u0022\/sites\/default\/files\/styles\/lg_3_2\/public\/images\/2026-01\/ep04020-0005.jpg?itok=XtQYMd9s 1x, \/sites\/default\/files\/styles\/lg_3_2\/public\/images\/2026-01\/ep04020-0005.jpg?itok=XtQYMd9s 2x\u0022 media=\u0022(min-width: 1440px)\u0022 type=\u0022image\/jpeg\u0022\/\u003E\n              \u003Csource srcset=\u0022\/sites\/default\/files\/styles\/md_\/public\/images\/2026-01\/ep04020-0005.jpg?itok=LkPbED3N 1x\u0022 media=\u0022(min-width: 1024px) and (max-width: 1439px)\u0022 type=\u0022image\/jpeg\u0022\/\u003E\n              \u003Csource srcset=\u0022\/sites\/default\/files\/styles\/md_\/public\/images\/2026-01\/ep04020-0005.jpg?itok=LkPbED3N 1x\u0022 media=\u0022(min-width: 768px) and (max-width: 1023px)\u0022 type=\u0022image\/jpeg\u0022\/\u003E\n              \u003Csource srcset=\u0022\/sites\/default\/files\/styles\/md_\/public\/images\/2026-01\/ep04020-0005.jpg?itok=LkPbED3N 1x\u0022 media=\u0022(min-width: 576px) and (max-width: 767px)\u0022 type=\u0022image\/jpeg\u0022\/\u003E\n              \u003Csource srcset=\u0022\/sites\/default\/files\/styles\/sm_3_2\/public\/images\/2026-01\/ep04020-0005.jpg?itok=_ji1Xm2R 1x\u0022 media=\u0022(max-width: 575px)\u0022 type=\u0022image\/jpeg\u0022\/\u003E\n                  \u003Cimg decoding=\u0022async\u0022 class=\u0022media__element img-fluid\u0022 data-zoomed=\u0022https:\/\/www.henn.com\/sites\/default\/files\/styles\/content__zoomed\/public\/images\/2026-01\/ep04020-0005.jpg?itok=jQXC8pmH\u0022 src=\u0022\/sites\/default\/files\/styles\/md_\/public\/images\/2026-01\/ep04020-0005.jpg?itok=LkPbED3N\u0022 alt=\u0022\u0022 \/\u003E\n\n  \u003C\/picture\u003E\n\n      \n                  \n      \n\n            \n      \n    \u003C\/div\u003E\n        \n  \n  \n\n\n\u003C\/div\u003E\n      \n      \n      \u003Cdiv class=\u0022news-text p-responsive-2 mt-responsive-1\u0022\u003E\n        \u003Cdiv class=\u0022d-flex flex-wrap justify-content-start m-0 headline-info\u0022\u003E\n          \u003Cdiv class=\u0022news-date mr-responsive-xs h--label\u0022\u003E\n            \u003Cdiv class=\u0022post-date col-span-12\u0022\u003E\n            20.01.2026\n    \u003C\/div\u003E\n\n                                        \u003Cspan\u003E,\u003C\/span\u003E\n                                      \u003C\/div\u003E\n          \u003Cdiv class=\u0022news-kicker h--label\u0022\u003E\n            \u003Cp  class=\u0022sub-headline\u0022\u003ENEWS\u003C\/p\u003E\n\n          \u003C\/div\u003E\n        \u003C\/div\u003E\n        \u003Cdiv class=\u0022news-content h--heading-m\u0022\u003E\n          \n\u003Cspan\u003EBevor das n\u00e4chste Kapitel beginnt: Fotoausstellung von HGEsch zeigt neue Perspektiven auf den Gasteig\u003C\/span\u003E\n\n        \u003C\/div\u003E\n        \u003Cdiv class=\u0022news-teaser-icon text-end\u0022\u003E\n          \u003Cimg src=\u0022\/themes\/custom\/arocom\/icons\/teaser-arrow-right.svg\u0022 alt=\u0022Teaser arrow\u0022\/\u003E\n        \u003C\/div\u003E\n      \u003C\/div\u003E\n\n    \u003C\/a\u003E\n  \u003C\/article\u003E\n\u003C\/div\u003E\n\n\u003Cdiv class=\u0022col-span-6 d-flex justify-content-end flex-column teaser global-animation animate__fadeInUp node-article node--view-mode-teaser\u0022\u003E\n  \u003Carticle class=\u0022is-linked teaser-default\u0022\u003E\n    \n    \n    \u003Ca href=\u0022\/de\/news\/ein-neues-kapitel-im-historischen-stadtgefuege-grundsteinlegung-fuer-no6-buerohaus\u0022 class=\u0022teaser-link media grid grid-cols-1\u0022 aria-label=\u0022Ein neues Kapitel im historischen Stadtgef\u00fcge: Grundsteinlegung f\u00fcr NO6 B\u00fcrohaus\u0022\u003E\n\n              \n            \u003Cdiv class=\u0022blazy blazy--nojs blazy--field blazy--field-teaser-media blazy--field-teaser-media--teaser\u0022 data-blazy=\u0022\u0022\u003E\n\n\n\n                    \u003Cdiv data-b-token=\u0022b-cd5f0a44896\u0022 class=\u0022media media--blazy\u0022\u003E\n      \n      \n      \n        \u003Cpicture\u003E\n                  \u003Csource srcset=\u0022\/sites\/default\/files\/styles\/lg_3_2\/public\/images\/2026-01\/henn_no6_01_entrance_c-bloomimages.jpg?itok=rCOlqhdf 2x\u0022 media=\u0022(min-width: 1600px)\u0022 type=\u0022image\/jpeg\u0022\/\u003E\n              \u003Csource srcset=\u0022\/sites\/default\/files\/styles\/lg_3_2\/public\/images\/2026-01\/henn_no6_01_entrance_c-bloomimages.jpg?itok=rCOlqhdf 1x, \/sites\/default\/files\/styles\/lg_3_2\/public\/images\/2026-01\/henn_no6_01_entrance_c-bloomimages.jpg?itok=rCOlqhdf 2x\u0022 media=\u0022(min-width: 1440px)\u0022 type=\u0022image\/jpeg\u0022\/\u003E\n              \u003Csource srcset=\u0022\/sites\/default\/files\/styles\/md_\/public\/images\/2026-01\/henn_no6_01_entrance_c-bloomimages.jpg?itok=MuGvYmum 1x\u0022 media=\u0022(min-width: 1024px) and (max-width: 1439px)\u0022 type=\u0022image\/jpeg\u0022\/\u003E\n              \u003Csource srcset=\u0022\/sites\/default\/files\/styles\/md_\/public\/images\/2026-01\/henn_no6_01_entrance_c-bloomimages.jpg?itok=MuGvYmum 1x\u0022 media=\u0022(min-width: 768px) and (max-width: 1023px)\u0022 type=\u0022image\/jpeg\u0022\/\u003E\n              \u003Csource srcset=\u0022\/sites\/default\/files\/styles\/md_\/public\/images\/2026-01\/henn_no6_01_entrance_c-bloomimages.jpg?itok=MuGvYmum 1x\u0022 media=\u0022(min-width: 576px) and (max-width: 767px)\u0022 type=\u0022image\/jpeg\u0022\/\u003E\n              \u003Csource srcset=\u0022\/sites\/default\/files\/styles\/sm_3_2\/public\/images\/2026-01\/henn_no6_01_entrance_c-bloomimages.jpg?itok=cW3tl9ox 1x\u0022 media=\u0022(max-width: 575px)\u0022 type=\u0022image\/jpeg\u0022\/\u003E\n                  \u003Cimg decoding=\u0022async\u0022 class=\u0022media__element img-fluid\u0022 data-zoomed=\u0022https:\/\/www.henn.com\/sites\/default\/files\/styles\/content__zoomed\/public\/images\/2026-01\/henn_no6_01_entrance_c-bloomimages.jpg?itok=AcFeIohy\u0022 src=\u0022\/sites\/default\/files\/styles\/md_\/public\/images\/2026-01\/henn_no6_01_entrance_c-bloomimages.jpg?itok=MuGvYmum\u0022 alt=\u0022\u0022 \/\u003E\n\n  \u003C\/picture\u003E\n\n      \n                  \n      \n\n            \n      \n    \u003C\/div\u003E\n        \n  \n  \n\n\n\u003C\/div\u003E\n      \n      \n      \u003Cdiv class=\u0022news-text p-responsive-2 mt-responsive-1\u0022\u003E\n        \u003Cdiv class=\u0022d-flex flex-wrap justify-content-start m-0 headline-info\u0022\u003E\n          \u003Cdiv class=\u0022news-date mr-responsive-xs h--label\u0022\u003E\n            \u003Cdiv class=\u0022post-date col-span-12\u0022\u003E\n            15.01.2026\n    \u003C\/div\u003E\n\n                                        \u003Cspan\u003E,\u003C\/span\u003E\n                                      \u003C\/div\u003E\n          \u003Cdiv class=\u0022news-kicker h--label\u0022\u003E\n            \u003Cp  class=\u0022sub-headline\u0022\u003ENEWS\u003C\/p\u003E\n\n          \u003C\/div\u003E\n        \u003C\/div\u003E\n        \u003Cdiv class=\u0022news-content h--heading-m\u0022\u003E\n          \n\u003Cspan\u003EEin neues Kapitel im historischen Stadtgef\u00fcge: Grundsteinlegung f\u00fcr NO6 B\u00fcrohaus\u003C\/span\u003E\n\n        \u003C\/div\u003E\n        \u003Cdiv class=\u0022news-teaser-icon text-end\u0022\u003E\n          \u003Cimg src=\u0022\/themes\/custom\/arocom\/icons\/teaser-arrow-right.svg\u0022 alt=\u0022Teaser arrow\u0022\/\u003E\n        \u003C\/div\u003E\n      \u003C\/div\u003E\n\n    \u003C\/a\u003E\n  \u003C\/article\u003E\n\u003C\/div\u003E\n\n\u003Cdiv class=\u0022col-span-6 d-flex justify-content-end flex-column teaser global-animation animate__fadeInUp node-article node--view-mode-teaser\u0022\u003E\n  \u003Carticle class=\u0022is-linked teaser-highlight\u0022\u003E\n    \n    \n    \u003Ca href=\u0022\/de\/news\/stefan-sinning-gibt-einblick-das-projekt-staatstheater-augsburg\u0022 class=\u0022teaser-link media grid grid-cols-1\u0022 aria-label=\u0022Stefan Sinning gibt Einblick in das Projekt Staatstheater Augsburg\u0022\u003E\n\n              \n            \u003Cdiv class=\u0022blazy blazy--nojs blazy--field blazy--field-teaser-media blazy--field-teaser-media--teaser\u0022 data-blazy=\u0022\u0022\u003E\n\n\n\n                    \u003Cdiv data-b-token=\u0022b-f38a9cb39b4\u0022 class=\u0022media media--blazy\u0022\u003E\n      \n      \n      \n        \u003Cpicture\u003E\n                  \u003Csource srcset=\u0022\/sites\/default\/files\/styles\/lg_3_2\/public\/images\/2024-07\/podcast_orange.jpg?itok=gkoxFF48 2x\u0022 media=\u0022(min-width: 1600px)\u0022 type=\u0022image\/jpeg\u0022\/\u003E\n              \u003Csource srcset=\u0022\/sites\/default\/files\/styles\/lg_3_2\/public\/images\/2024-07\/podcast_orange.jpg?itok=gkoxFF48 1x, \/sites\/default\/files\/styles\/lg_3_2\/public\/images\/2024-07\/podcast_orange.jpg?itok=gkoxFF48 2x\u0022 media=\u0022(min-width: 1440px)\u0022 type=\u0022image\/jpeg\u0022\/\u003E\n              \u003Csource srcset=\u0022\/sites\/default\/files\/styles\/md_\/public\/images\/2024-07\/podcast_orange.jpg?itok=RghjUXSf 1x\u0022 media=\u0022(min-width: 1024px) and (max-width: 1439px)\u0022 type=\u0022image\/jpeg\u0022\/\u003E\n              \u003Csource srcset=\u0022\/sites\/default\/files\/styles\/md_\/public\/images\/2024-07\/podcast_orange.jpg?itok=RghjUXSf 1x\u0022 media=\u0022(min-width: 768px) and (max-width: 1023px)\u0022 type=\u0022image\/jpeg\u0022\/\u003E\n              \u003Csource srcset=\u0022\/sites\/default\/files\/styles\/md_\/public\/images\/2024-07\/podcast_orange.jpg?itok=RghjUXSf 1x\u0022 media=\u0022(min-width: 576px) and (max-width: 767px)\u0022 type=\u0022image\/jpeg\u0022\/\u003E\n              \u003Csource srcset=\u0022\/sites\/default\/files\/styles\/sm_3_2\/public\/images\/2024-07\/podcast_orange.jpg?itok=GlCbvZN1 1x\u0022 media=\u0022(max-width: 575px)\u0022 type=\u0022image\/jpeg\u0022\/\u003E\n                  \u003Cimg decoding=\u0022async\u0022 class=\u0022media__element img-fluid\u0022 data-zoomed=\u0022https:\/\/www.henn.com\/sites\/default\/files\/styles\/content__zoomed\/public\/images\/2024-07\/podcast_orange.jpg?itok=TRnm63GE\u0022 src=\u0022\/sites\/default\/files\/styles\/md_\/public\/images\/2024-07\/podcast_orange.jpg?itok=RghjUXSf\u0022 alt=\u0022\u0022 \/\u003E\n\n  \u003C\/picture\u003E\n\n      \n                  \n      \n\n            \n      \n    \u003C\/div\u003E\n        \n  \n  \n\n\n\u003C\/div\u003E\n      \n      \n      \u003Cdiv class=\u0022news-text p-responsive-2 mt-responsive-1\u0022\u003E\n        \u003Cdiv class=\u0022d-flex flex-wrap justify-content-start m-0 headline-info\u0022\u003E\n          \u003Cdiv class=\u0022news-date mr-responsive-xs h--label\u0022\u003E\n            \u003Cdiv class=\u0022post-date col-span-12\u0022\u003E\n            05.01.2026\n    \u003C\/div\u003E\n\n                                        \u003Cspan\u003E,\u003C\/span\u003E\n                                      \u003C\/div\u003E\n          \u003Cdiv class=\u0022news-kicker h--label\u0022\u003E\n            \u003Cp  class=\u0022sub-headline\u0022\u003EPODCAST\u003C\/p\u003E\n\n          \u003C\/div\u003E\n        \u003C\/div\u003E\n        \u003Cdiv class=\u0022news-content h--heading-m\u0022\u003E\n          \n\u003Cspan\u003EStefan Sinning gibt Einblick in das Projekt Staatstheater Augsburg\u003C\/span\u003E\n\n        \u003C\/div\u003E\n        \u003Cdiv class=\u0022news-teaser-icon text-end\u0022\u003E\n          \u003Cimg src=\u0022\/themes\/custom\/arocom\/icons\/teaser-arrow-right.svg\u0022 alt=\u0022Teaser arrow\u0022\/\u003E\n        \u003C\/div\u003E\n      \u003C\/div\u003E\n\n    \u003C\/a\u003E\n  \u003C\/article\u003E\n\u003C\/div\u003E\n\n\u003Cdiv class=\u0022col-span-6 d-flex justify-content-end flex-column teaser global-animation animate__fadeInUp node-article node--view-mode-teaser\u0022\u003E\n  \u003Carticle class=\u0022is-linked teaser-highlight\u0022\u003E\n    \n    \n    \u003Ca href=\u0022\/de\/news\/zwischen-skyline-und-stadtpark-kingdee-cloud-tower-fertiggestellt\u0022 class=\u0022teaser-link media grid grid-cols-1\u0022 aria-label=\u0022Zwischen Skyline und Stadtpark: Kingdee Cloud Tower fertiggestellt\u0022\u003E\n\n              \n            \u003Cdiv class=\u0022blazy blazy--nojs blazy--field blazy--field-teaser-media blazy--field-teaser-media--teaser\u0022 data-blazy=\u0022\u0022\u003E\n\n\n\n                    \u003Cdiv data-b-token=\u0022b-b52c32dc4da\u0022 class=\u0022media media--blazy\u0022\u003E\n      \n      \n      \n        \u003Cpicture\u003E\n                  \u003Csource srcset=\u0022\/sites\/default\/files\/styles\/lg_3_2\/public\/images\/2025-12\/1238_teaser_0.jpg?itok=NU6fmirF 2x\u0022 media=\u0022(min-width: 1600px)\u0022 type=\u0022image\/jpeg\u0022\/\u003E\n              \u003Csource srcset=\u0022\/sites\/default\/files\/styles\/lg_3_2\/public\/images\/2025-12\/1238_teaser_0.jpg?itok=NU6fmirF 1x, \/sites\/default\/files\/styles\/lg_3_2\/public\/images\/2025-12\/1238_teaser_0.jpg?itok=NU6fmirF 2x\u0022 media=\u0022(min-width: 1440px)\u0022 type=\u0022image\/jpeg\u0022\/\u003E\n              \u003Csource srcset=\u0022\/sites\/default\/files\/styles\/md_\/public\/images\/2025-12\/1238_teaser_0.jpg?itok=uSRjbrE9 1x\u0022 media=\u0022(min-width: 1024px) and (max-width: 1439px)\u0022 type=\u0022image\/jpeg\u0022\/\u003E\n              \u003Csource srcset=\u0022\/sites\/default\/files\/styles\/md_\/public\/images\/2025-12\/1238_teaser_0.jpg?itok=uSRjbrE9 1x\u0022 media=\u0022(min-width: 768px) and (max-width: 1023px)\u0022 type=\u0022image\/jpeg\u0022\/\u003E\n              \u003Csource srcset=\u0022\/sites\/default\/files\/styles\/md_\/public\/images\/2025-12\/1238_teaser_0.jpg?itok=uSRjbrE9 1x\u0022 media=\u0022(min-width: 576px) and (max-width: 767px)\u0022 type=\u0022image\/jpeg\u0022\/\u003E\n              \u003Csource srcset=\u0022\/sites\/default\/files\/styles\/sm_3_2\/public\/images\/2025-12\/1238_teaser_0.jpg?itok=4kVREdX8 1x\u0022 media=\u0022(max-width: 575px)\u0022 type=\u0022image\/jpeg\u0022\/\u003E\n                  \u003Cimg decoding=\u0022async\u0022 class=\u0022media__element img-fluid\u0022 data-zoomed=\u0022https:\/\/www.henn.com\/sites\/default\/files\/styles\/content__zoomed\/public\/images\/2025-12\/1238_teaser_0.jpg?itok=3w8Y92Ae\u0022 src=\u0022\/sites\/default\/files\/styles\/md_\/public\/images\/2025-12\/1238_teaser_0.jpg?itok=uSRjbrE9\u0022 alt=\u0022\u0022 \/\u003E\n\n  \u003C\/picture\u003E\n\n      \n                  \n      \n\n            \n      \n    \u003C\/div\u003E\n        \n  \n  \n\n\n\u003C\/div\u003E\n      \n      \n      \u003Cdiv class=\u0022news-text p-responsive-2 mt-responsive-1\u0022\u003E\n        \u003Cdiv class=\u0022d-flex flex-wrap justify-content-start m-0 headline-info\u0022\u003E\n          \u003Cdiv class=\u0022news-date mr-responsive-xs h--label\u0022\u003E\n            \u003Cdiv class=\u0022post-date col-span-12\u0022\u003E\n            11.12.2025\n    \u003C\/div\u003E\n\n                                        \u003Cspan\u003E,\u003C\/span\u003E\n                                      \u003C\/div\u003E\n          \u003Cdiv class=\u0022news-kicker h--label\u0022\u003E\n            \u003Cp  class=\u0022sub-headline\u0022\u003ENEWS\u003C\/p\u003E\n\n          \u003C\/div\u003E\n        \u003C\/div\u003E\n        \u003Cdiv class=\u0022news-content h--heading-m\u0022\u003E\n          \n\u003Cspan\u003EZwischen Skyline und Stadtpark: Kingdee Cloud Tower fertiggestellt\u003C\/span\u003E\n\n        \u003C\/div\u003E\n        \u003Cdiv class=\u0022news-teaser-icon text-end\u0022\u003E\n          \u003Cimg src=\u0022\/themes\/custom\/arocom\/icons\/teaser-arrow-right.svg\u0022 alt=\u0022Teaser arrow\u0022\/\u003E\n        \u003C\/div\u003E\n      \u003C\/div\u003E\n\n    \u003C\/a\u003E\n  \u003C\/article\u003E\n\u003C\/div\u003E\n\n\u003Cdiv class=\u0022col-span-6 d-flex justify-content-end flex-column teaser global-animation animate__fadeInUp node-article node--view-mode-teaser\u0022\u003E\n  \u003Carticle class=\u0022is-linked teaser-default\u0022\u003E\n    \n    \n    \u003Ca href=\u0022\/de\/news\/zukunftsweisende-lernlandschaften-westlake-universitaet-ist-eine-von-drei-fertiggestellten\u0022 class=\u0022teaser-link media grid grid-cols-1\u0022 aria-label=\u0022Zukunftsweisende Lernlandschaften: Westlake-Universit\u00e4t ist eine von drei fertiggestellten Universit\u00e4ten in China\u0022\u003E\n\n              \n            \u003Cdiv class=\u0022blazy blazy--nojs blazy--field blazy--field-teaser-media blazy--field-teaser-media--teaser\u0022 data-blazy=\u0022\u0022\u003E\n\n\n\n                    \u003Cdiv data-b-token=\u0022b-751d6462632\u0022 class=\u0022media media--blazy\u0022\u003E\n      \n      \n      \n        \u003Cpicture\u003E\n                  \u003Csource srcset=\u0022\/sites\/default\/files\/styles\/lg_3_2\/public\/images\/2025-11\/henn_westlakeuniversity_02_aerial.jpg?itok=PhxWMa4c 2x\u0022 media=\u0022(min-width: 1600px)\u0022 type=\u0022image\/jpeg\u0022\/\u003E\n              \u003Csource srcset=\u0022\/sites\/default\/files\/styles\/lg_3_2\/public\/images\/2025-11\/henn_westlakeuniversity_02_aerial.jpg?itok=PhxWMa4c 1x, \/sites\/default\/files\/styles\/lg_3_2\/public\/images\/2025-11\/henn_westlakeuniversity_02_aerial.jpg?itok=PhxWMa4c 2x\u0022 media=\u0022(min-width: 1440px)\u0022 type=\u0022image\/jpeg\u0022\/\u003E\n              \u003Csource srcset=\u0022\/sites\/default\/files\/styles\/md_\/public\/images\/2025-11\/henn_westlakeuniversity_02_aerial.jpg?itok=0HGlsNHX 1x\u0022 media=\u0022(min-width: 1024px) and (max-width: 1439px)\u0022 type=\u0022image\/jpeg\u0022\/\u003E\n              \u003Csource srcset=\u0022\/sites\/default\/files\/styles\/md_\/public\/images\/2025-11\/henn_westlakeuniversity_02_aerial.jpg?itok=0HGlsNHX 1x\u0022 media=\u0022(min-width: 768px) and (max-width: 1023px)\u0022 type=\u0022image\/jpeg\u0022\/\u003E\n              \u003Csource srcset=\u0022\/sites\/default\/files\/styles\/md_\/public\/images\/2025-11\/henn_westlakeuniversity_02_aerial.jpg?itok=0HGlsNHX 1x\u0022 media=\u0022(min-width: 576px) and (max-width: 767px)\u0022 type=\u0022image\/jpeg\u0022\/\u003E\n              \u003Csource srcset=\u0022\/sites\/default\/files\/styles\/sm_3_2\/public\/images\/2025-11\/henn_westlakeuniversity_02_aerial.jpg?itok=-GWTrJpw 1x\u0022 media=\u0022(max-width: 575px)\u0022 type=\u0022image\/jpeg\u0022\/\u003E\n                  \u003Cimg decoding=\u0022async\u0022 class=\u0022media__element img-fluid\u0022 data-zoomed=\u0022https:\/\/www.henn.com\/sites\/default\/files\/styles\/content__zoomed\/public\/images\/2025-11\/henn_westlakeuniversity_02_aerial.jpg?itok=i6RIoj6k\u0022 src=\u0022\/sites\/default\/files\/styles\/md_\/public\/images\/2025-11\/henn_westlakeuniversity_02_aerial.jpg?itok=0HGlsNHX\u0022 alt=\u0022\u0022 \/\u003E\n\n  \u003C\/picture\u003E\n\n      \n                  \n      \n\n            \n      \n    \u003C\/div\u003E\n        \n  \n  \n\n\n\u003C\/div\u003E\n      \n      \n      \u003Cdiv class=\u0022news-text p-responsive-2 mt-responsive-1\u0022\u003E\n        \u003Cdiv class=\u0022d-flex flex-wrap justify-content-start m-0 headline-info\u0022\u003E\n          \u003Cdiv class=\u0022news-date mr-responsive-xs h--label\u0022\u003E\n            \u003Cdiv class=\u0022post-date col-span-12\u0022\u003E\n            11.11.2025\n    \u003C\/div\u003E\n\n                                        \u003Cspan\u003E,\u003C\/span\u003E\n                                      \u003C\/div\u003E\n          \u003Cdiv class=\u0022news-kicker h--label\u0022\u003E\n            \u003Cp  class=\u0022sub-headline\u0022\u003ENEWS\u003C\/p\u003E\n\n          \u003C\/div\u003E\n        \u003C\/div\u003E\n        \u003Cdiv class=\u0022news-content h--heading-m\u0022\u003E\n          \n\u003Cspan\u003EZukunftsweisende Lernlandschaften: Westlake-Universit\u00e4t ist eine von drei fertiggestellten Universit\u00e4ten in China\u003C\/span\u003E\n\n        \u003C\/div\u003E\n        \u003Cdiv class=\u0022news-teaser-icon text-end\u0022\u003E\n          \u003Cimg src=\u0022\/themes\/custom\/arocom\/icons\/teaser-arrow-right.svg\u0022 alt=\u0022Teaser arrow\u0022\/\u003E\n        \u003C\/div\u003E\n      \u003C\/div\u003E\n\n    \u003C\/a\u003E\n  \u003C\/article\u003E\n\u003C\/div\u003E\n","entity_type":"node","used_ids":["",2269,2273,2268,2265,2260,2257,2255,2252,2250,2239],"show_more":"  \u003Cdiv class=\u0022del-show-more animate__animated default-animation\u0022\u003E\u003Ca href=\u0022\/de\/ajax\/del\/a92a2f9a-2268-4fcf-b19f-7fbfc59eb63f\/block_content\/11\/10\/asc\/eyJub2RlIjp7ImlkIjoiMTI4IiwidHlwZSI6InBhZ2UifX0%3D\u0022 title=\u0022Show more items\u0022 class=\u0022del-show-more-link use-ajax\u0022 rel=\u0022nofollow\u0022 data-target-type=\u0022node\u0022 aria-controls=\u0022del--block-content-4701--content\u0022 aria-label=\u0022Show more items\u0022\u003EMehr\u003C\/a\u003E\u003C\/div\u003E\n"}]